{"id":16043,"date":"2026-09-01T15:43:53","date_gmt":"2026-09-01T15:43:53","guid":{"rendered":"https:\/\/www.oeuvre-orient.fr\/france-network-contact-a-delegation\/"},"modified":"2026-09-01T15:43:53","modified_gmt":"2026-09-01T15:43:53","slug":"france-network-contact-a-delegation","status":"publish","type":"post","link":"https:\/\/www.oeuvre-orient.fr\/en\/france-network-contact-a-delegation\/","title":{"rendered":"France Network \/ Contact a Delegation"},"content":{"rendered":"\n<ul class=\"wp-block-list\">\n<li><strong>AGEN<\/strong>, Guillaume DE SEVIN, <a href=\"mailto:gcdesevin@gmail.com\">gcdesevin@gmail.com<\/a><\/li>\n\n\n\n<li><strong>AJACCIO<\/strong>, Father Louis EL RAHI, <a href=\"mailto:louis.rahi@gmail.com\">louis.rahi@gmail.com<\/a><\/li>\n\n\n\n<li><strong>AMIENS<\/strong>, Guy de LONGEVILLE, <a href=\"mailto:gdelongeville@gmail.com\">gdelongeville@gmail.com<\/a><\/li>\n\n\n\n<li><strong>ANGERS<\/strong>, Agn\u00e8s LENOIR, <a href=\"mailto:agnes.lenoir@yahoo.fr\">agnes.lenoir@yahoo.fr<\/a><\/li>\n\n\n\n<li>ANGOUL\u00caME,<\/li>\n\n\n\n<li><strong>ANNECY<\/strong>, Quitterie de WITASSE, <a href=\"mailto:oeuvredorient74@gmail.com\">oeuvredorient74@gmail.com<\/a><\/li>\n\n\n\n<li><strong>ARRAS<\/strong>, Jacques DOREMIEUX, <a href=\"mailto:jdoremieux@outlook.fr\">jdoremieux@outlook.fr<\/a><\/li>\n\n\n\n<li><strong>AUTUN<\/strong>, Jean-Marc LANZONI, <a href=\"mailto:jean-marc.lanzoni@orange.fr\">jean-marc.lanzoni@orange.fr<\/a><\/li>\n\n\n\n<li><strong>AVIGNON<\/strong>, H\u00e9l\u00e8ne KNOBEL, <a href=\"mailto:heleneknobel@orange.fr\">heleneknobel@orange.fr<\/a><\/li>\n\n\n\n<li><strong>BAYEUX-LISIEUX<\/strong>, B\u00e9n\u00e9dicte MOREL-PARIS <a href=\"mailto:morelparisbenedicte@gmail.com\">morelparisbenedicte@gmail.com<\/a><\/li>\n\n\n\n<li><strong>BELFORT-MONTB\u00c9LIARD,<\/strong> Fr\u00e9d\u00e9rique BOLLE-REDDAT, <a href=\"mailto:solidarite@diocesebm.fr\">solidarite@diocesebm.fr<\/a><\/li>\n\n\n\n<li><strong>BELLEY-ARS,<\/strong> Odile THOLLIN, <a href=\"mailto:o.thollin@gmx.net\">o.thollin@gmx.net<\/a><\/li>\n\n\n\n<li><strong>BESAN\u00c7ON<\/strong>, Denise CHAUDEY, <a href=\"mailto:dede4@laposte.net\">dede4@laposte.net<\/a><\/li>\n\n\n\n<li><strong>BLOIS<\/strong>, Thibault CARRARD, <a href=\"mailto:thibault.carrard@nda41.fr\">thibault.carrard@nda41.fr<\/a><\/li>\n\n\n\n<li><strong>CAMBRAI<\/strong>, Anne-Monique DUPAS, <a href=\"mailto:amlembrez@gmail.com\">amlembrez@gmail.com<\/a><\/li>\n\n\n\n<li><strong>CARCASSONNE<\/strong>, Bernard GARDEY de SOOS, <a href=\"mailto:bernardgds@hotmail.fr\">bernardgds@hotmail.fr<\/a><\/li>\n\n\n\n<li><strong>CH\u00c2LONS-EN-CHAMPAGNE<\/strong>, Olivier de BRETAGNE, <a href=\"mailto:olivier.de.bretagne@cmma.fr\">olivier.de.bretagne@cmma.fr<\/a><\/li>\n\n\n\n<li><strong>CHAMB\u00c9RY<\/strong>, Alexandre DOGLIONI, <a href=\"mailto:alexandre.doglioni@orange.fr\">alexandre.doglioni@orange.fr<\/a><\/li>\n\n\n\n<li><strong>CHARTRES<\/strong>, Betsy and Maroun BAHOUT, *<a href=\"mailto:marounbahout@gmail.com\">marounbahout@gmail.com*<\/a><\/li>\n\n\n\n<li><strong>CLERMONT-FERRAND<\/strong>, Jacques GLEMOT, <a href=\"mailto:anne.jacques.glemot@gmx.fr\">anne.jacques.glemot@gmx.fr<\/a><\/li>\n\n\n\n<li><strong>DAX<\/strong>, Alain RISGALLAH, <a href=\"mailto:am.risgallah@wanadoo.fr\">am.risgallah@wanadoo.fr<\/a><\/li>\n\n\n\n<li><strong>DIGNE<\/strong>, Jean DONNADIEU, <a href=\"mailto:donnadieu.jean@wanadoo.fr\">donnadieu.jean@wanadoo.fr<\/a><\/li>\n\n\n\n<li><strong>DIJON<\/strong>, Daniel MUSITELLI, <a href=\"mailto:dmusitelli@free.fr\">dmusitelli@free.fr<\/a><\/li>\n\n\n\n<li><strong>\u00c9VREUX<\/strong>, B\u00e9atrice DUCELLIER, <a href=\"mailto:beatriceduellier@orange.fr\">beatriceduellier@orange.fr<\/a><\/li>\n\n\n\n<li><strong>\u00c9VRY<\/strong>, Pierre BESCOND, <a href=\"mailto:bescondpierre@gmail.com\">bescondpierre@gmail.com<\/a><\/li>\n\n\n\n<li><strong>FR\u00c9JUS-TOULON<\/strong>, Father Maroun BADR, <a href=\"mailto:badr.maroun1@gmail.com\">badr.maroun1@gmail.com<\/a><\/li>\n\n\n\n<li><strong>FR\u00c9JUS-TOULON,<\/strong> Bernard ALLUT, <a href=\"mailto:bc.allut@gmail.com\">bc.allut@gmail.com<\/a><\/li>\n\n\n\n<li><strong>GRENOBLE<\/strong>, Salim DERMARKAR, <a href=\"mailto:salim.dermarkar@wanadoo.fr\">salim.dermarkar@wanadoo.fr<\/a><\/li>\n\n\n\n<li><strong>REUNION ISLAND<\/strong>, Brother Manuel RIVERO, <a href=\"mailto:manuelrivero921881772@gmail.com\">manuelrivero921881772@gmail.com<\/a><\/li>\n\n\n\n<li><strong>LA ROCHELLE<\/strong>, Katia MIKHAEL,  <a href=\"mailto:katia.mikhael@gmail.com\">katia.mikhael@gmail.com<\/a><\/li>\n\n\n\n<li><strong>LAVAL<\/strong>, Jean-Jacques ANDRIEU, <a href=\"mailto:j.j-andrieu@orange.fr\">j.j-andrieu@orange.fr<\/a><\/li>\n\n\n\n<li><strong>LE MANS<\/strong>, Jean de TAPPIE, <a href=\"mailto:jean.de-tappie@wanadoo.fr\">jean.de-tappie@wanadoo.fr<\/a><\/li>\n\n\n\n<li><strong>LE PUY,<\/strong> Olivier MARION, <a href=\"mailto:olmarion@laposte.net\">olmarion@laposte.net<\/a><\/li>\n\n\n\n<li><strong>LILLE<\/strong>, Father Patrick DEL\u00c9CLUSE, <a href=\"mailto:abbe.p.delecluse@wanadoo.fr\">abbe.p.delecluse@wanadoo.fr<\/a><\/li>\n\n\n\n<li><strong>LILLE<\/strong>, Dominique HABCHI, <a href=\"mailto:domhabchi@gmail.com\">domhabchi@gmail.com<\/a><\/li>\n\n\n\n<li><strong>LIMOGES <\/strong>Magalie JANDAUD, <a href=\"mailto:ma_and_me@yahoo.com\">ma_and_me@yahoo.com<\/a><\/li>\n\n\n\n<li><strong>LU\u00c7ON<\/strong>, Father Renaud BERTRAND, <a href=\"mailto:renaud.bertrand@diocese85.org\">renaud.bertrand@diocese85.org<\/a><\/li>\n\n\n\n<li><strong>LYON<\/strong>, Jean SENELLART de VRIERE, <a href=\"mailto:jmsenellart@yahoo.com\">jmsenellart@yahoo.com<\/a><\/li>\n\n\n\n<li><strong>MEAUX<\/strong>, Emmanuel ROUSSEL, <a href=\"mailto:emmanuel.roussel77@gmail.com\">emmanuel.roussel77@gmail.com<\/a><\/li>\n\n\n\n<li><strong>MONTPELLIER<\/strong>, H\u00e9l\u00e8ne SEUBE, <a href=\"mailto:seubealain@neuf.fr\">seubealain@neuf.fr<\/a><\/li>\n\n\n\n<li><strong>MONTPELLIER<\/strong>, Father Herv\u00e9 DUSSEL, <a href=\"mailto:dussel@wanadoo.fr\">dussel@wanadoo.fr<\/a><\/li>\n\n\n\n<li><strong>MOULINS<\/strong>, Edith de CONTENSON, <a href=\"mailto:edecontenson@hotmail.com\">edecontenson@hotmail.com<\/a><\/li>\n\n\n\n<li><strong>NANTES<\/strong>, Denis LE BOTLAN, <a href=\"mailto:d.lebotlan@free.fr\">d.lebotlan@free.fr<\/a><\/li>\n\n\n\n<li><strong>NICE<\/strong>, H\u00e9l\u00e8ne SALICETI, <a href=\"mailto:helenesalicetiadroguer@gmail.com\">helenesalicetiadroguer@gmail.com<\/a><\/li>\n\n\n\n<li><strong>N\u00ceMES<\/strong>, Father William-Marie MERCHAT, <a href=\"mailto:perewilliammarie@hotmail.com\">perewilliammarie@hotmail.com<\/a><\/li>\n\n\n\n<li><strong>P\u00c9RIGUEUX<\/strong>, Olivier LE CLERE, <a href=\"mailto:olivier.le.clere@wanadoo.fr\">olivier.le.clere@wanadoo.fr<\/a><\/li>\n\n\n\n<li><strong>PERPIGNAN<\/strong>, Catherine DUMAS, <a href=\"mailto:catherine.dumas66@orange.fr\">catherine.dumas66@orange.fr<\/a><\/li>\n\n\n\n<li><strong>POITIERS<\/strong>, Father J\u00e9r\u00f4me de LA ROULIERE, <a href=\"mailto:jdelarouliere@yahoo.fr\">jdelarouliere@yahoo.fr<\/a><\/li>\n\n\n\n<li><strong>PONTOISE<\/strong>, Claire de LA BATIE, <a href=\"mailto:ruedelaposte10@hotmail.fr\">ruedelaposte10@hotmail.fr<\/a><\/li>\n\n\n\n<li><strong>QUIMPER<\/strong>, Pascale BEGIN, <a href=\"mailto:pascale.begin@orange.fr\">pascale.begin@orange.fr<\/a><\/li>\n\n\n\n<li><strong>REIMS<\/strong>, Jean-Christophe BOBIN, <a href=\"mailto:jc-bobin@educatho.fr\">jc-bobin@educatho.fr<\/a><\/li>\n\n\n\n<li><strong>RENNES<\/strong>, Alfred CHAMIE, <a href=\"mailto:chamieal@gmail.com\">chamieal@gmail.com<\/a><\/li>\n\n\n\n<li><strong>ROUEN<\/strong>, Fran\u00e7oise and Jo\u00ebl LEMOINE, *<a href=\"mailto:oeuvre.d.orient.rouen@gmail.com\">oeuvre.d.orient.rouen@gmail.com*<\/a><\/li>\n\n\n\n<li><strong>SAINT-BRIEUC<\/strong>, Louis and Marie H\u00e9l\u00e8ne LE M\u00c9E, <a href=\"mailto:marie-helene.le-mee@orange.fr\">marie-helene.le-mee@orange.fr<\/a><\/li>\n\n\n\n<li><strong>SAINT-DI\u00c9<\/strong>, Julien PALERMO, <a href=\"mailto:julien.palermo@yahoo.fr\">julien.palermo@yahoo.fr<\/a><\/li>\n\n\n\n<li><strong>SAINT FLOUR<\/strong>, Jean-Fran\u00e7ois MADEPUECH, <a href=\"mailto:jean-francois.madelpuech@wanadoo.fr\">jean-francois.madelpuech@wanadoo.fr<\/a><\/li>\n\n\n\n<li><strong>SAINT ETIENNE<\/strong>, Jeanine PALOULIAN, <a href=\"mailto:jeanine.paloulian@wanadoo.fr\">jeanine.paloulian@wanadoo.fr<\/a><\/li>\n\n\n\n<li><strong>SENS-AUXERRE<\/strong>, Father Daniel ROUSSEAU, <a href=\"mailto:pere.daniel-rousseau89@orange.fr\">pere.daniel-rousseau89@orange.fr<\/a><\/li>\n\n\n\n<li><strong>SOISSONS<\/strong>, Didier LELEU, <a href=\"mailto:didier.leleu@orange.fr\">didier.leleu@orange.fr<\/a><\/li>\n\n\n\n<li><strong>STRASBOURG<\/strong>, Canon Rodolphe VIGNERON, <a href=\"mailto:r.vigneron@outlook.fr\">r.vigneron@outlook.fr<\/a><\/li>\n\n\n\n<li><strong>TARBES-LOURDES<\/strong>, Bruno GABELLIERI, <a href=\"mailto:brunogabellieri@hotmail.com\">brunogabellieri@hotmail.com<\/a><\/li>\n\n\n\n<li><strong>TOULOUSE<\/strong>, Pierre BLANCHARD, <a href=\"mailto:pierre-charles.blanchard@orange.fr\">pierre-charles.blanchard@orange.fr<\/a><\/li>\n\n\n\n<li><strong>TOULOUSE<\/strong>, Bertrand PERRET, <a href=\"mailto:bertrand.perret3@free.fr\">bertrand.perret3@free.fr<\/a><\/li>\n\n\n\n<li><strong>TOURS<\/strong>, Serge BABARY, <a href=\"mailto:info@serge-babary.net\">info@serge-babary.net<\/a><\/li>\n\n\n\n<li><strong>TULLE<\/strong>, J\u00e9r\u00f4me BARON, <a href=\"mailto:siloebrive@gmail.com\">siloebrive@gmail.com<\/a><\/li>\n\n\n\n<li><strong>VALENCE<\/strong>,  Father St\u00e9phane-Jacques RUCHON, <a href=\"mailto:sj.r@wanadoo.fr\">sj.r@wanadoo.fr<\/a><\/li>\n\n\n\n<li><strong>VANNES<\/strong>, Father Pierre BRUN LE GOUEST, <a href=\"mailto:oeuvredorient56@gmail.com\">oeuvredorient56@gmail.com<\/a><\/li>\n\n\n\n<li><strong>VERSAILLES<\/strong>, Father Baudoin de BEAUVAIS, <a href=\"mailto:baudoin.debeauvais@catholique78.fr\">baudoin.debeauvais@catholique78.fr<\/a><\/li>\n\n\n\n<li><strong>VERSAILLES<\/strong>, Bernard de LAPEYRIERE, <a href=\"mailto:delapeyriere.b@gmail.com\">delapeyriere.b@gmail.com<\/a><\/li>\n\n\n\n<li><strong>VIVIERS<\/strong>, Anne GONIN, <a href=\"mailto:anne.decaens@gmail.com\">anne.decaens@gmail.com<\/a><\/li>\n\n\n\n<li><strong>PARIS: <\/strong>B\u00e9n\u00e9dicte MAINBOURG, <a href=\"mailto:bmainbourg@oeuvre-orient.fr\">bmainbourg@oeuvre-orient.fr<\/a><\/li>\n\n\n\n<li><strong>PARIS 16th \u2014 17th \u2014 8th<\/strong>, Jean de FROIDEFOND,<a href=\"mailto:j.defroidefond@wanadoo.fr\"> j.defroidefond@wanadoo.fr<\/a><\/li>\n<ul class=\"wp-block-list\">\n<li><\/li>\n<\/ul>\n<\/li>\n<\/ul>\n\n\n\n<p class=\"wp-block-paragraph\"><strong>Provincial Delegates<\/strong><\/p>\n\n\n\n<p class=\"wp-block-paragraph\">STRASBOURG AND BESAN\u00c7ON, P\u00e8re Vigneron, <a href=\"mailto:r.vigneron@outlook.fr\">r.vigneron@outlook.fr<\/a><\/p>\n\n\n\n<p class=\"wp-block-paragraph\">RENNES, Father Renaud BERTRAND, <a href=\"mailto:renaud.bertrand@diocese85.org\">renaud.bertrand@diocese85.org<\/a><\/p>\n\n\n\n<p class=\"wp-block-paragraph\"><strong>The Expansion of L\u2019\u0152uvre d\u2019Orient in Europe<\/strong><\/p>\n\n\n\n<p class=\"wp-block-paragraph\">Domitille BLANC <a href=\"mailto:dblanc@oeuvre-orient.fr\">dblanc@oeuvre-orient.fr<\/a> Tel: +33 6 (0) 89 21 00 42<\/p>\n","protected":false},"excerpt":{"rendered":"<p>Provincial Delegates STRASBOURG AND BESAN\u00c7ON, P\u00e8re Vigneron, r.vigneron@outlook.fr RENNES, Father Renaud BERTRAND, renaud.bertrand@diocese85.org The Expansion of L\u2019\u0152uvre d\u2019Orient in Europe Domitille BLANC dblanc@oeuvre-orient.fr Tel: +33 6 (0) 89 21 00 42<\/p>\n","protected":false},"author":3,"featured_media":0,"comment_status":"open","ping_status":"open","sticky":false,"template":"","format":"standard","meta":{"_acf_changed":true,"ep_exclude_from_search":false,"footnotes":""},"categories":[],"tags":[],"thematique":[],"class_list":["post-16043","post","type-post","status-publish","format-standard","hentry"],"acf":[],"yoast_head":"<!-- This site is optimized with the Yoast SEO plugin v28.4 - https:\/\/yoast.com\/product\/yoast-seo-wordpress\/ -->\n<title>France Network \/ Contact a Delegation - \u0152uvre d&#039;orient<\/title>\n<meta name=\"robots\" content=\"index, follow, max-snippet:-1, max-image-preview:large, max-video-preview:-1\" \/>\n<link rel=\"canonical\" href=\"https:\/\/www.oeuvre-orient.fr\/en\/france-network-contact-a-delegation\/\" \/>\n<meta property=\"og:locale\" content=\"en_US\" \/>\n<meta property=\"og:type\" content=\"article\" \/>\n<meta property=\"og:title\" content=\"France Network \/ Contact a Delegation - \u0152uvre d&#039;orient\" \/>\n<meta property=\"og:description\" content=\"Provincial Delegates STRASBOURG AND BESAN\u00c7ON, P\u00e8re Vigneron, r.vigneron@outlook.fr RENNES, Father Renaud BERTRAND, renaud.bertrand@diocese85.org The Expansion of L\u2019\u0152uvre d\u2019Orient in Europe Domitille BLANC dblanc@oeuvre-orient.fr Tel: +33 6 (0) 89 21 00 42\" \/>\n<meta property=\"og:url\" content=\"https:\/\/www.oeuvre-orient.fr\/en\/france-network-contact-a-delegation\/\" \/>\n<meta property=\"og:site_name\" content=\"\u0152uvre d&#039;orient\" \/>\n<meta property=\"article:published_time\" content=\"2026-09-01T15:43:53+00:00\" \/>\n<meta name=\"author\" content=\"Catherine MARROC-LATOUR\" \/>\n<meta name=\"twitter:card\" content=\"summary_large_image\" \/>\n<meta name=\"twitter:label1\" content=\"Written by\" \/>\n\t<meta name=\"twitter:data1\" content=\"Catherine MARROC-LATOUR\" \/>\n\t<meta name=\"twitter:label2\" content=\"Est. reading time\" \/>\n\t<meta name=\"twitter:data2\" content=\"2 minutes\" \/>\n<script type=\"application\/ld+json\" class=\"yoast-schema-graph\">{\"@context\":\"https:\\\/\\\/schema.org\",\"@graph\":[{\"@type\":\"Article\",\"@id\":\"https:\\\/\\\/www.oeuvre-orient.fr\\\/en\\\/france-network-contact-a-delegation\\\/#article\",\"isPartOf\":{\"@id\":\"https:\\\/\\\/www.oeuvre-orient.fr\\\/en\\\/france-network-contact-a-delegation\\\/\"},\"author\":{\"name\":\"Catherine MARROC-LATOUR\",\"@id\":\"https:\\\/\\\/www.oeuvre-orient.fr\\\/#\\\/schema\\\/person\\\/bedc2d03a4e67ce9d67f919a7c1aa1f8\"},\"headline\":\"France Network \\\/ Contact a Delegation\",\"datePublished\":\"2026-09-01T15:43:53+00:00\",\"mainEntityOfPage\":{\"@id\":\"https:\\\/\\\/www.oeuvre-orient.fr\\\/en\\\/france-network-contact-a-delegation\\\/\"},\"wordCount\":602,\"commentCount\":0,\"inLanguage\":\"en-US\",\"potentialAction\":[{\"@type\":\"CommentAction\",\"name\":\"Comment\",\"target\":[\"https:\\\/\\\/www.oeuvre-orient.fr\\\/en\\\/france-network-contact-a-delegation\\\/#respond\"]}]},{\"@type\":\"WebPage\",\"@id\":\"https:\\\/\\\/www.oeuvre-orient.fr\\\/en\\\/france-network-contact-a-delegation\\\/\",\"url\":\"https:\\\/\\\/www.oeuvre-orient.fr\\\/en\\\/france-network-contact-a-delegation\\\/\",\"name\":\"France Network \\\/ Contact a Delegation - \u0152uvre d&#039;orient\",\"isPartOf\":{\"@id\":\"https:\\\/\\\/www.oeuvre-orient.fr\\\/#website\"},\"datePublished\":\"2026-09-01T15:43:53+00:00\",\"author\":{\"@id\":\"https:\\\/\\\/www.oeuvre-orient.fr\\\/#\\\/schema\\\/person\\\/bedc2d03a4e67ce9d67f919a7c1aa1f8\"},\"breadcrumb\":{\"@id\":\"https:\\\/\\\/www.oeuvre-orient.fr\\\/en\\\/france-network-contact-a-delegation\\\/#breadcrumb\"},\"inLanguage\":\"en-US\",\"potentialAction\":[{\"@type\":\"ReadAction\",\"target\":[\"https:\\\/\\\/www.oeuvre-orient.fr\\\/en\\\/france-network-contact-a-delegation\\\/\"]}]},{\"@type\":\"BreadcrumbList\",\"@id\":\"https:\\\/\\\/www.oeuvre-orient.fr\\\/en\\\/france-network-contact-a-delegation\\\/#breadcrumb\",\"itemListElement\":[{\"@type\":\"ListItem\",\"position\":1,\"name\":\"Home\",\"item\":\"https:\\\/\\\/www.oeuvre-orient.fr\\\/en\\\/\"},{\"@type\":\"ListItem\",\"position\":2,\"name\":\"France Network \\\/ Contact a Delegation\"}]},{\"@type\":\"WebSite\",\"@id\":\"https:\\\/\\\/www.oeuvre-orient.fr\\\/#website\",\"url\":\"https:\\\/\\\/www.oeuvre-orient.fr\\\/\",\"name\":\"\u0152uvre d&#039;orient\",\"description\":\"\",\"potentialAction\":[{\"@type\":\"SearchAction\",\"target\":{\"@type\":\"EntryPoint\",\"urlTemplate\":\"https:\\\/\\\/www.oeuvre-orient.fr\\\/?s={search_term_string}\"},\"query-input\":{\"@type\":\"PropertyValueSpecification\",\"valueRequired\":true,\"valueName\":\"search_term_string\"}}],\"inLanguage\":\"en-US\"},{\"@type\":\"Person\",\"@id\":\"https:\\\/\\\/www.oeuvre-orient.fr\\\/#\\\/schema\\\/person\\\/bedc2d03a4e67ce9d67f919a7c1aa1f8\",\"name\":\"Catherine MARROC-LATOUR\",\"image\":{\"@type\":\"ImageObject\",\"inLanguage\":\"en-US\",\"@id\":\"https:\\\/\\\/secure.gravatar.com\\\/avatar\\\/1799d5ccc9031fd3f783efc1f24beb4ec872a035944bd0e1cef262e874b71950?s=96&d=mm&r=g\",\"url\":\"https:\\\/\\\/secure.gravatar.com\\\/avatar\\\/1799d5ccc9031fd3f783efc1f24beb4ec872a035944bd0e1cef262e874b71950?s=96&d=mm&r=g\",\"contentUrl\":\"https:\\\/\\\/secure.gravatar.com\\\/avatar\\\/1799d5ccc9031fd3f783efc1f24beb4ec872a035944bd0e1cef262e874b71950?s=96&d=mm&r=g\",\"caption\":\"Catherine MARROC-LATOUR\"},\"url\":\"https:\\\/\\\/www.oeuvre-orient.fr\\\/en\\\/author\\\/cmarroclatouroeuvre-orient-fr\\\/\"}]}<\/script>\n<!-- \/ Yoast SEO plugin. -->","yoast_head_json":{"title":"France Network \/ Contact a Delegation - \u0152uvre d&#039;orient","robots":{"index":"index","follow":"follow","max-snippet":"max-snippet:-1","max-image-preview":"max-image-preview:large","max-video-preview":"max-video-preview:-1"},"canonical":"https:\/\/www.oeuvre-orient.fr\/en\/france-network-contact-a-delegation\/","og_locale":"en_US","og_type":"article","og_title":"France Network \/ Contact a Delegation - \u0152uvre d&#039;orient","og_description":"Provincial Delegates STRASBOURG AND BESAN\u00c7ON, P\u00e8re Vigneron, r.vigneron@outlook.fr RENNES, Father Renaud BERTRAND, renaud.bertrand@diocese85.org The Expansion of L\u2019\u0152uvre d\u2019Orient in Europe Domitille BLANC dblanc@oeuvre-orient.fr Tel: +33 6 (0) 89 21 00 42","og_url":"https:\/\/www.oeuvre-orient.fr\/en\/france-network-contact-a-delegation\/","og_site_name":"\u0152uvre d&#039;orient","article_published_time":"2026-09-01T15:43:53+00:00","author":"Catherine MARROC-LATOUR","twitter_card":"summary_large_image","twitter_misc":{"Written by":"Catherine MARROC-LATOUR","Est. reading time":"2 minutes"},"schema":{"@context":"https:\/\/schema.org","@graph":[{"@type":"Article","@id":"https:\/\/www.oeuvre-orient.fr\/en\/france-network-contact-a-delegation\/#article","isPartOf":{"@id":"https:\/\/www.oeuvre-orient.fr\/en\/france-network-contact-a-delegation\/"},"author":{"name":"Catherine MARROC-LATOUR","@id":"https:\/\/www.oeuvre-orient.fr\/#\/schema\/person\/bedc2d03a4e67ce9d67f919a7c1aa1f8"},"headline":"France Network \/ Contact a Delegation","datePublished":"2026-09-01T15:43:53+00:00","mainEntityOfPage":{"@id":"https:\/\/www.oeuvre-orient.fr\/en\/france-network-contact-a-delegation\/"},"wordCount":602,"commentCount":0,"inLanguage":"en-US","potentialAction":[{"@type":"CommentAction","name":"Comment","target":["https:\/\/www.oeuvre-orient.fr\/en\/france-network-contact-a-delegation\/#respond"]}]},{"@type":"WebPage","@id":"https:\/\/www.oeuvre-orient.fr\/en\/france-network-contact-a-delegation\/","url":"https:\/\/www.oeuvre-orient.fr\/en\/france-network-contact-a-delegation\/","name":"France Network \/ Contact a Delegation - \u0152uvre d&#039;orient","isPartOf":{"@id":"https:\/\/www.oeuvre-orient.fr\/#website"},"datePublished":"2026-09-01T15:43:53+00:00","author":{"@id":"https:\/\/www.oeuvre-orient.fr\/#\/schema\/person\/bedc2d03a4e67ce9d67f919a7c1aa1f8"},"breadcrumb":{"@id":"https:\/\/www.oeuvre-orient.fr\/en\/france-network-contact-a-delegation\/#breadcrumb"},"inLanguage":"en-US","potentialAction":[{"@type":"ReadAction","target":["https:\/\/www.oeuvre-orient.fr\/en\/france-network-contact-a-delegation\/"]}]},{"@type":"BreadcrumbList","@id":"https:\/\/www.oeuvre-orient.fr\/en\/france-network-contact-a-delegation\/#breadcrumb","itemListElement":[{"@type":"ListItem","position":1,"name":"Home","item":"https:\/\/www.oeuvre-orient.fr\/en\/"},{"@type":"ListItem","position":2,"name":"France Network \/ Contact a Delegation"}]},{"@type":"WebSite","@id":"https:\/\/www.oeuvre-orient.fr\/#website","url":"https:\/\/www.oeuvre-orient.fr\/","name":"\u0152uvre d&#039;orient","description":"","potentialAction":[{"@type":"SearchAction","target":{"@type":"EntryPoint","urlTemplate":"https:\/\/www.oeuvre-orient.fr\/?s={search_term_string}"},"query-input":{"@type":"PropertyValueSpecification","valueRequired":true,"valueName":"search_term_string"}}],"inLanguage":"en-US"},{"@type":"Person","@id":"https:\/\/www.oeuvre-orient.fr\/#\/schema\/person\/bedc2d03a4e67ce9d67f919a7c1aa1f8","name":"Catherine MARROC-LATOUR","image":{"@type":"ImageObject","inLanguage":"en-US","@id":"https:\/\/secure.gravatar.com\/avatar\/1799d5ccc9031fd3f783efc1f24beb4ec872a035944bd0e1cef262e874b71950?s=96&d=mm&r=g","url":"https:\/\/secure.gravatar.com\/avatar\/1799d5ccc9031fd3f783efc1f24beb4ec872a035944bd0e1cef262e874b71950?s=96&d=mm&r=g","contentUrl":"https:\/\/secure.gravatar.com\/avatar\/1799d5ccc9031fd3f783efc1f24beb4ec872a035944bd0e1cef262e874b71950?s=96&d=mm&r=g","caption":"Catherine MARROC-LATOUR"},"url":"https:\/\/www.oeuvre-orient.fr\/en\/author\/cmarroclatouroeuvre-orient-fr\/"}]}},"_links":{"self":[{"href":"https:\/\/www.oeuvre-orient.fr\/en\/wp-json\/wp\/v2\/posts\/16043","targetHints":{"allow":["GET"]}}],"collection":[{"href":"https:\/\/www.oeuvre-orient.fr\/en\/wp-json\/wp\/v2\/posts"}],"about":[{"href":"https:\/\/www.oeuvre-orient.fr\/en\/wp-json\/wp\/v2\/types\/post"}],"author":[{"embeddable":true,"href":"https:\/\/www.oeuvre-orient.fr\/en\/wp-json\/wp\/v2\/users\/3"}],"replies":[{"embeddable":true,"href":"https:\/\/www.oeuvre-orient.fr\/en\/wp-json\/wp\/v2\/comments?post=16043"}],"version-history":[{"count":0,"href":"https:\/\/www.oeuvre-orient.fr\/en\/wp-json\/wp\/v2\/posts\/16043\/revisions"}],"wp:attachment":[{"href":"https:\/\/www.oeuvre-orient.fr\/en\/wp-json\/wp\/v2\/media?parent=16043"}],"wp:term":[{"taxonomy":"category","embeddable":true,"href":"https:\/\/www.oeuvre-orient.fr\/en\/wp-json\/wp\/v2\/categories?post=16043"},{"taxonomy":"post_tag","embeddable":true,"href":"https:\/\/www.oeuvre-orient.fr\/en\/wp-json\/wp\/v2\/tags?post=16043"},{"taxonomy":"thematique","embeddable":true,"href":"https:\/\/www.oeuvre-orient.fr\/en\/wp-json\/wp\/v2\/thematique?post=16043"}],"curies":[{"name":"wp","href":"https:\/\/api.w.org\/{rel}","templated":true}]}}