{"id":16120,"date":"2026-04-14T15:51:03","date_gmt":"2026-04-14T13:51:03","guid":{"rendered":"https:\/\/www.oeuvre-orient.fr\/mar-paul-iii-nona-appointed-patriarch-of-the-chaldean-church\/"},"modified":"2026-04-14T15:51:03","modified_gmt":"2026-04-14T13:51:03","slug":"mar-paul-iii-nona-appointed-patriarch-of-the-chaldean-church","status":"publish","type":"post","link":"https:\/\/www.oeuvre-orient.fr\/en\/mar-paul-iii-nona-appointed-patriarch-of-the-chaldean-church\/","title":{"rendered":"Mar Paul III Nona Appointed Patriarch of the Chaldean Church"},"content":{"rendered":"\n<p class=\"wp-block-paragraph\"><strong>Elected patriarch at the Chaldean Synod held in Rome from April 9 to 12, 2026, Bishop (Mar) \u00c9mile Chem\u2019on Nona, Archbishop of Sydney (Diocese of Australia and New Zealand), took the name Mar Paul III.<\/strong><\/p>\n\n\n\n<p class=\"wp-block-paragraph\">He was born in 1967 in Alqoche (northern Iraq), the birthplace of the biblical prophet Nahum of Alqoche and the historic center of the Church of the East (Assyrian-Chaldean). He comes from a family originally from the village of Gaznagh (Hakkari Mountains, southeastern Turkey), which settled in Alqoche beginning in 1888.<\/p>\n\n\n\n<p class=\"wp-block-paragraph\">After studying at the Chaldean Patriarchal Seminary in Baghdad, Fr. \u00c9mile was ordained on January 11, 1991, appointed assistant pastor in Alqoche (1993\u20131997), and then parish pastor (1997\u20132000). He gained extensive pastoral experience. Between 2000 and 2005, he studied in Rome at the Faculty of Theology of the Pontifical Lateran University, where he earned his doctorate in theology. Upon his return to Iraq, he was appointed vicar general of the Diocese of Alqoche and professor of anthropology at the Faculty of Theology (Babel College) in Erbil (Iraqi Kurdistan Autonomous Region).<\/p>\n\n\n\n<p class=\"wp-block-paragraph\"><strong>In May 2009, he was elected Chaldean archbishop of the city of Mosul-Nineveh<\/strong> (northern Iraq) and confirmed by the Holy See; he was consecrated and installed as bishop in January 2010. At the age of 42, he succeeded the martyred Archbishop Paulos Faraj Rahho (1942\u20132008), who was assassinated in March 2008. He demonstrated great courage in accepting his mission in Mosul, a dangerous city marked by violence and terrorism, the murders of Christians, and attacks on churches.<\/p>\n\n\n\n<blockquote class=\"wp-block-quote is-layout-flow wp-block-quote-is-layout-flow\"><p><strong>A l\u2019\u00e9t\u00e9 2014, les terroristes de Daech prennent Mossoul et la plaine de Ninive, expulsent manu militari 120 000 chr\u00e9tiens, qui se r\u00e9fugient avec leurs \u00e9v\u00eaques et pr\u00eatres \u00e0 Erbil et dans le Kurdistan irakien.<\/strong> \u00ab Dans ma difficile mission, dira-t-il, j\u2019ai voulu \u00eatre avec les fid\u00e8les. J\u2019ai vu la pers\u00e9cution [anti-chr\u00e9tienne] comme un moyen pour conna\u00eetre et approfondir la foi \u00bb. Quelques mois apr\u00e8s, en janvier 2015, il est nomm\u00e9 archev\u00eaque de Sydney (dioc\u00e8se d\u2019Australie et Nouvelle Z\u00e9lande) ; durant les 11 ans pass\u00e9s en Oc\u00e9anie, il a \u00e9t\u00e9 un pasteur aim\u00e9 de ses fid\u00e8les et tr\u00e8s engag\u00e9 dans l\u2019\u0153cum\u00e9nisme.<\/p><\/blockquote>\n\n\n\n<p class=\"wp-block-paragraph\">On April 13, 2026, the Assyrian Patriarch Mar Awa III wrote the following in his congratulatory message: \u201cLet us pray to the Lord to strengthen us so that, together with our brother bishops, our clergy, and our faithful, we may walk together in a spirit of brotherhood marked by sincere love and mutual support, so that our efforts may be abundantly blessed by divine Providence [\u2026]. I look forward to working with Your Beatitude toward a brighter and more prosperous future for our Church and our shared nation.\u201d<\/p>\n\n\n\n<p class=\"wp-block-paragraph\"><strong>This young patriarch, deeply rooted in Eastern traditions, committed to ecumenism, dialogue, and mutual support with other Churches, with hands-on experience both in Iraq and among the diaspora, and who is close to and beloved by his faithful, will be able to unite and guide his people, scattered across the five continents.<\/strong> We wish him success and prosperity at the Catholicosate of Kokhe-Babylon, at the head of the Chaldean Catholic Church (800,000 faithful worldwide, including 165,000 in Iraq).<\/p>\n\n\n\n<p class=\"wp-block-paragraph\">Joseph Alichoran<\/p>\n","protected":false},"excerpt":{"rendered":"<p>Elected patriarch at the Chaldean Synod held in Rome from April 9 to 12, 2026, Bishop (Mar) \u00c9mile Chem\u2019on Nona, Archbishop of Sydney (Diocese of Australia and New Zealand), took the name Mar Paul III. He was born in 1967 in Alqoche (northern Iraq), the birthplace of the biblical prophet Nahum of Alqoche and the [&hellip;]<\/p>\n","protected":false},"author":3,"featured_media":14691,"comment_status":"open","ping_status":"open","sticky":false,"template":"","format":"standard","meta":{"_acf_changed":false,"ep_exclude_from_search":false,"footnotes":""},"categories":[],"tags":[],"thematique":[],"class_list":["post-16120","post","type-post","status-publish","format-standard","has-post-thumbnail","hentry"],"acf":[],"yoast_head":"<!-- This site is optimized with the Yoast SEO plugin v28.4 - https:\/\/yoast.com\/product\/yoast-seo-wordpress\/ -->\n<title>Mar Paul III Nona Appointed Patriarch of the Chaldean Church - \u0152uvre d&#039;orient<\/title>\n<meta name=\"robots\" content=\"index, follow, max-snippet:-1, max-image-preview:large, max-video-preview:-1\" \/>\n<link rel=\"canonical\" href=\"https:\/\/www.oeuvre-orient.fr\/en\/mar-paul-iii-nona-appointed-patriarch-of-the-chaldean-church\/\" \/>\n<meta property=\"og:locale\" content=\"en_US\" \/>\n<meta property=\"og:type\" content=\"article\" \/>\n<meta property=\"og:title\" content=\"Mar Paul III Nona Appointed Patriarch of the Chaldean Church - \u0152uvre d&#039;orient\" \/>\n<meta property=\"og:description\" content=\"Elected patriarch at the Chaldean Synod held in Rome from April 9 to 12, 2026, Bishop (Mar) \u00c9mile Chem\u2019on Nona, Archbishop of Sydney (Diocese of Australia and New Zealand), took the name Mar Paul III. He was born in 1967 in Alqoche (northern Iraq), the birthplace of the biblical prophet Nahum of Alqoche and the [&hellip;]\" \/>\n<meta property=\"og:url\" content=\"https:\/\/www.oeuvre-orient.fr\/en\/mar-paul-iii-nona-appointed-patriarch-of-the-chaldean-church\/\" \/>\n<meta property=\"og:site_name\" content=\"\u0152uvre d&#039;orient\" \/>\n<meta property=\"article:published_time\" content=\"2026-04-14T13:51:03+00:00\" \/>\n<meta property=\"og:image\" content=\"https:\/\/www.oeuvre-orient.fr\/wp-content\/uploads\/2026\/04\/670804150_1533644372099576_6412455811881397304_n.jpg\" \/>\n\t<meta property=\"og:image:width\" content=\"1125\" \/>\n\t<meta property=\"og:image:height\" content=\"756\" \/>\n\t<meta property=\"og:image:type\" content=\"image\/jpeg\" \/>\n<meta name=\"author\" content=\"Catherine MARROC-LATOUR\" \/>\n<meta name=\"twitter:card\" content=\"summary_large_image\" \/>\n<meta name=\"twitter:label1\" content=\"Written by\" \/>\n\t<meta name=\"twitter:data1\" content=\"Catherine MARROC-LATOUR\" \/>\n\t<meta name=\"twitter:label2\" content=\"Est. reading time\" \/>\n\t<meta name=\"twitter:data2\" content=\"3 minutes\" \/>\n<script type=\"application\/ld+json\" class=\"yoast-schema-graph\">{\"@context\":\"https:\\\/\\\/schema.org\",\"@graph\":[{\"@type\":\"Article\",\"@id\":\"https:\\\/\\\/www.oeuvre-orient.fr\\\/en\\\/mar-paul-iii-nona-appointed-patriarch-of-the-chaldean-church\\\/#article\",\"isPartOf\":{\"@id\":\"https:\\\/\\\/www.oeuvre-orient.fr\\\/en\\\/mar-paul-iii-nona-appointed-patriarch-of-the-chaldean-church\\\/\"},\"author\":{\"name\":\"Catherine MARROC-LATOUR\",\"@id\":\"https:\\\/\\\/www.oeuvre-orient.fr\\\/#\\\/schema\\\/person\\\/bedc2d03a4e67ce9d67f919a7c1aa1f8\"},\"headline\":\"Mar Paul III Nona Appointed Patriarch of the Chaldean Church\",\"datePublished\":\"2026-04-14T13:51:03+00:00\",\"mainEntityOfPage\":{\"@id\":\"https:\\\/\\\/www.oeuvre-orient.fr\\\/en\\\/mar-paul-iii-nona-appointed-patriarch-of-the-chaldean-church\\\/\"},\"wordCount\":525,\"commentCount\":0,\"image\":{\"@id\":\"https:\\\/\\\/www.oeuvre-orient.fr\\\/en\\\/mar-paul-iii-nona-appointed-patriarch-of-the-chaldean-church\\\/#primaryimage\"},\"thumbnailUrl\":\"https:\\\/\\\/www.oeuvre-orient.fr\\\/wp-content\\\/uploads\\\/2026\\\/04\\\/670804150_1533644372099576_6412455811881397304_n.jpg\",\"inLanguage\":\"en-US\",\"potentialAction\":[{\"@type\":\"CommentAction\",\"name\":\"Comment\",\"target\":[\"https:\\\/\\\/www.oeuvre-orient.fr\\\/en\\\/mar-paul-iii-nona-appointed-patriarch-of-the-chaldean-church\\\/#respond\"]}]},{\"@type\":\"WebPage\",\"@id\":\"https:\\\/\\\/www.oeuvre-orient.fr\\\/en\\\/mar-paul-iii-nona-appointed-patriarch-of-the-chaldean-church\\\/\",\"url\":\"https:\\\/\\\/www.oeuvre-orient.fr\\\/en\\\/mar-paul-iii-nona-appointed-patriarch-of-the-chaldean-church\\\/\",\"name\":\"Mar Paul III Nona Appointed Patriarch of the Chaldean Church - \u0152uvre d&#039;orient\",\"isPartOf\":{\"@id\":\"https:\\\/\\\/www.oeuvre-orient.fr\\\/#website\"},\"primaryImageOfPage\":{\"@id\":\"https:\\\/\\\/www.oeuvre-orient.fr\\\/en\\\/mar-paul-iii-nona-appointed-patriarch-of-the-chaldean-church\\\/#primaryimage\"},\"image\":{\"@id\":\"https:\\\/\\\/www.oeuvre-orient.fr\\\/en\\\/mar-paul-iii-nona-appointed-patriarch-of-the-chaldean-church\\\/#primaryimage\"},\"thumbnailUrl\":\"https:\\\/\\\/www.oeuvre-orient.fr\\\/wp-content\\\/uploads\\\/2026\\\/04\\\/670804150_1533644372099576_6412455811881397304_n.jpg\",\"datePublished\":\"2026-04-14T13:51:03+00:00\",\"author\":{\"@id\":\"https:\\\/\\\/www.oeuvre-orient.fr\\\/#\\\/schema\\\/person\\\/bedc2d03a4e67ce9d67f919a7c1aa1f8\"},\"breadcrumb\":{\"@id\":\"https:\\\/\\\/www.oeuvre-orient.fr\\\/en\\\/mar-paul-iii-nona-appointed-patriarch-of-the-chaldean-church\\\/#breadcrumb\"},\"inLanguage\":\"en-US\",\"potentialAction\":[{\"@type\":\"ReadAction\",\"target\":[\"https:\\\/\\\/www.oeuvre-orient.fr\\\/en\\\/mar-paul-iii-nona-appointed-patriarch-of-the-chaldean-church\\\/\"]}]},{\"@type\":\"ImageObject\",\"inLanguage\":\"en-US\",\"@id\":\"https:\\\/\\\/www.oeuvre-orient.fr\\\/en\\\/mar-paul-iii-nona-appointed-patriarch-of-the-chaldean-church\\\/#primaryimage\",\"url\":\"https:\\\/\\\/www.oeuvre-orient.fr\\\/wp-content\\\/uploads\\\/2026\\\/04\\\/670804150_1533644372099576_6412455811881397304_n.jpg\",\"contentUrl\":\"https:\\\/\\\/www.oeuvre-orient.fr\\\/wp-content\\\/uploads\\\/2026\\\/04\\\/670804150_1533644372099576_6412455811881397304_n.jpg\",\"width\":1125,\"height\":756},{\"@type\":\"BreadcrumbList\",\"@id\":\"https:\\\/\\\/www.oeuvre-orient.fr\\\/en\\\/mar-paul-iii-nona-appointed-patriarch-of-the-chaldean-church\\\/#breadcrumb\",\"itemListElement\":[{\"@type\":\"ListItem\",\"position\":1,\"name\":\"Home\",\"item\":\"https:\\\/\\\/www.oeuvre-orient.fr\\\/en\\\/\"},{\"@type\":\"ListItem\",\"position\":2,\"name\":\"Mar Paul III Nona Appointed Patriarch of the Chaldean Church\"}]},{\"@type\":\"WebSite\",\"@id\":\"https:\\\/\\\/www.oeuvre-orient.fr\\\/#website\",\"url\":\"https:\\\/\\\/www.oeuvre-orient.fr\\\/\",\"name\":\"\u0152uvre d&#039;orient\",\"description\":\"\",\"potentialAction\":[{\"@type\":\"SearchAction\",\"target\":{\"@type\":\"EntryPoint\",\"urlTemplate\":\"https:\\\/\\\/www.oeuvre-orient.fr\\\/?s={search_term_string}\"},\"query-input\":{\"@type\":\"PropertyValueSpecification\",\"valueRequired\":true,\"valueName\":\"search_term_string\"}}],\"inLanguage\":\"en-US\"},{\"@type\":\"Person\",\"@id\":\"https:\\\/\\\/www.oeuvre-orient.fr\\\/#\\\/schema\\\/person\\\/bedc2d03a4e67ce9d67f919a7c1aa1f8\",\"name\":\"Catherine MARROC-LATOUR\",\"image\":{\"@type\":\"ImageObject\",\"inLanguage\":\"en-US\",\"@id\":\"https:\\\/\\\/secure.gravatar.com\\\/avatar\\\/1799d5ccc9031fd3f783efc1f24beb4ec872a035944bd0e1cef262e874b71950?s=96&d=mm&r=g\",\"url\":\"https:\\\/\\\/secure.gravatar.com\\\/avatar\\\/1799d5ccc9031fd3f783efc1f24beb4ec872a035944bd0e1cef262e874b71950?s=96&d=mm&r=g\",\"contentUrl\":\"https:\\\/\\\/secure.gravatar.com\\\/avatar\\\/1799d5ccc9031fd3f783efc1f24beb4ec872a035944bd0e1cef262e874b71950?s=96&d=mm&r=g\",\"caption\":\"Catherine MARROC-LATOUR\"},\"url\":\"https:\\\/\\\/www.oeuvre-orient.fr\\\/en\\\/author\\\/cmarroclatouroeuvre-orient-fr\\\/\"}]}<\/script>\n<!-- \/ Yoast SEO plugin. -->","yoast_head_json":{"title":"Mar Paul III Nona Appointed Patriarch of the Chaldean Church - \u0152uvre d&#039;orient","robots":{"index":"index","follow":"follow","max-snippet":"max-snippet:-1","max-image-preview":"max-image-preview:large","max-video-preview":"max-video-preview:-1"},"canonical":"https:\/\/www.oeuvre-orient.fr\/en\/mar-paul-iii-nona-appointed-patriarch-of-the-chaldean-church\/","og_locale":"en_US","og_type":"article","og_title":"Mar Paul III Nona Appointed Patriarch of the Chaldean Church - \u0152uvre d&#039;orient","og_description":"Elected patriarch at the Chaldean Synod held in Rome from April 9 to 12, 2026, Bishop (Mar) \u00c9mile Chem\u2019on Nona, Archbishop of Sydney (Diocese of Australia and New Zealand), took the name Mar Paul III. He was born in 1967 in Alqoche (northern Iraq), the birthplace of the biblical prophet Nahum of Alqoche and the [&hellip;]","og_url":"https:\/\/www.oeuvre-orient.fr\/en\/mar-paul-iii-nona-appointed-patriarch-of-the-chaldean-church\/","og_site_name":"\u0152uvre d&#039;orient","article_published_time":"2026-04-14T13:51:03+00:00","og_image":[{"width":1125,"height":756,"url":"https:\/\/www.oeuvre-orient.fr\/wp-content\/uploads\/2026\/04\/670804150_1533644372099576_6412455811881397304_n.jpg","type":"image\/jpeg"}],"author":"Catherine MARROC-LATOUR","twitter_card":"summary_large_image","twitter_misc":{"Written by":"Catherine MARROC-LATOUR","Est. reading time":"3 minutes"},"schema":{"@context":"https:\/\/schema.org","@graph":[{"@type":"Article","@id":"https:\/\/www.oeuvre-orient.fr\/en\/mar-paul-iii-nona-appointed-patriarch-of-the-chaldean-church\/#article","isPartOf":{"@id":"https:\/\/www.oeuvre-orient.fr\/en\/mar-paul-iii-nona-appointed-patriarch-of-the-chaldean-church\/"},"author":{"name":"Catherine MARROC-LATOUR","@id":"https:\/\/www.oeuvre-orient.fr\/#\/schema\/person\/bedc2d03a4e67ce9d67f919a7c1aa1f8"},"headline":"Mar Paul III Nona Appointed Patriarch of the Chaldean Church","datePublished":"2026-04-14T13:51:03+00:00","mainEntityOfPage":{"@id":"https:\/\/www.oeuvre-orient.fr\/en\/mar-paul-iii-nona-appointed-patriarch-of-the-chaldean-church\/"},"wordCount":525,"commentCount":0,"image":{"@id":"https:\/\/www.oeuvre-orient.fr\/en\/mar-paul-iii-nona-appointed-patriarch-of-the-chaldean-church\/#primaryimage"},"thumbnailUrl":"https:\/\/www.oeuvre-orient.fr\/wp-content\/uploads\/2026\/04\/670804150_1533644372099576_6412455811881397304_n.jpg","inLanguage":"en-US","potentialAction":[{"@type":"CommentAction","name":"Comment","target":["https:\/\/www.oeuvre-orient.fr\/en\/mar-paul-iii-nona-appointed-patriarch-of-the-chaldean-church\/#respond"]}]},{"@type":"WebPage","@id":"https:\/\/www.oeuvre-orient.fr\/en\/mar-paul-iii-nona-appointed-patriarch-of-the-chaldean-church\/","url":"https:\/\/www.oeuvre-orient.fr\/en\/mar-paul-iii-nona-appointed-patriarch-of-the-chaldean-church\/","name":"Mar Paul III Nona Appointed Patriarch of the Chaldean Church - \u0152uvre d&#039;orient","isPartOf":{"@id":"https:\/\/www.oeuvre-orient.fr\/#website"},"primaryImageOfPage":{"@id":"https:\/\/www.oeuvre-orient.fr\/en\/mar-paul-iii-nona-appointed-patriarch-of-the-chaldean-church\/#primaryimage"},"image":{"@id":"https:\/\/www.oeuvre-orient.fr\/en\/mar-paul-iii-nona-appointed-patriarch-of-the-chaldean-church\/#primaryimage"},"thumbnailUrl":"https:\/\/www.oeuvre-orient.fr\/wp-content\/uploads\/2026\/04\/670804150_1533644372099576_6412455811881397304_n.jpg","datePublished":"2026-04-14T13:51:03+00:00","author":{"@id":"https:\/\/www.oeuvre-orient.fr\/#\/schema\/person\/bedc2d03a4e67ce9d67f919a7c1aa1f8"},"breadcrumb":{"@id":"https:\/\/www.oeuvre-orient.fr\/en\/mar-paul-iii-nona-appointed-patriarch-of-the-chaldean-church\/#breadcrumb"},"inLanguage":"en-US","potentialAction":[{"@type":"ReadAction","target":["https:\/\/www.oeuvre-orient.fr\/en\/mar-paul-iii-nona-appointed-patriarch-of-the-chaldean-church\/"]}]},{"@type":"ImageObject","inLanguage":"en-US","@id":"https:\/\/www.oeuvre-orient.fr\/en\/mar-paul-iii-nona-appointed-patriarch-of-the-chaldean-church\/#primaryimage","url":"https:\/\/www.oeuvre-orient.fr\/wp-content\/uploads\/2026\/04\/670804150_1533644372099576_6412455811881397304_n.jpg","contentUrl":"https:\/\/www.oeuvre-orient.fr\/wp-content\/uploads\/2026\/04\/670804150_1533644372099576_6412455811881397304_n.jpg","width":1125,"height":756},{"@type":"BreadcrumbList","@id":"https:\/\/www.oeuvre-orient.fr\/en\/mar-paul-iii-nona-appointed-patriarch-of-the-chaldean-church\/#breadcrumb","itemListElement":[{"@type":"ListItem","position":1,"name":"Home","item":"https:\/\/www.oeuvre-orient.fr\/en\/"},{"@type":"ListItem","position":2,"name":"Mar Paul III Nona Appointed Patriarch of the Chaldean Church"}]},{"@type":"WebSite","@id":"https:\/\/www.oeuvre-orient.fr\/#website","url":"https:\/\/www.oeuvre-orient.fr\/","name":"\u0152uvre d&#039;orient","description":"","potentialAction":[{"@type":"SearchAction","target":{"@type":"EntryPoint","urlTemplate":"https:\/\/www.oeuvre-orient.fr\/?s={search_term_string}"},"query-input":{"@type":"PropertyValueSpecification","valueRequired":true,"valueName":"search_term_string"}}],"inLanguage":"en-US"},{"@type":"Person","@id":"https:\/\/www.oeuvre-orient.fr\/#\/schema\/person\/bedc2d03a4e67ce9d67f919a7c1aa1f8","name":"Catherine MARROC-LATOUR","image":{"@type":"ImageObject","inLanguage":"en-US","@id":"https:\/\/secure.gravatar.com\/avatar\/1799d5ccc9031fd3f783efc1f24beb4ec872a035944bd0e1cef262e874b71950?s=96&d=mm&r=g","url":"https:\/\/secure.gravatar.com\/avatar\/1799d5ccc9031fd3f783efc1f24beb4ec872a035944bd0e1cef262e874b71950?s=96&d=mm&r=g","contentUrl":"https:\/\/secure.gravatar.com\/avatar\/1799d5ccc9031fd3f783efc1f24beb4ec872a035944bd0e1cef262e874b71950?s=96&d=mm&r=g","caption":"Catherine MARROC-LATOUR"},"url":"https:\/\/www.oeuvre-orient.fr\/en\/author\/cmarroclatouroeuvre-orient-fr\/"}]}},"_links":{"self":[{"href":"https:\/\/www.oeuvre-orient.fr\/en\/wp-json\/wp\/v2\/posts\/16120","targetHints":{"allow":["GET"]}}],"collection":[{"href":"https:\/\/www.oeuvre-orient.fr\/en\/wp-json\/wp\/v2\/posts"}],"about":[{"href":"https:\/\/www.oeuvre-orient.fr\/en\/wp-json\/wp\/v2\/types\/post"}],"author":[{"embeddable":true,"href":"https:\/\/www.oeuvre-orient.fr\/en\/wp-json\/wp\/v2\/users\/3"}],"replies":[{"embeddable":true,"href":"https:\/\/www.oeuvre-orient.fr\/en\/wp-json\/wp\/v2\/comments?post=16120"}],"version-history":[{"count":0,"href":"https:\/\/www.oeuvre-orient.fr\/en\/wp-json\/wp\/v2\/posts\/16120\/revisions"}],"wp:featuredmedia":[{"embeddable":true,"href":"https:\/\/www.oeuvre-orient.fr\/en\/wp-json\/wp\/v2\/media\/14691"}],"wp:attachment":[{"href":"https:\/\/www.oeuvre-orient.fr\/en\/wp-json\/wp\/v2\/media?parent=16120"}],"wp:term":[{"taxonomy":"category","embeddable":true,"href":"https:\/\/www.oeuvre-orient.fr\/en\/wp-json\/wp\/v2\/categories?post=16120"},{"taxonomy":"post_tag","embeddable":true,"href":"https:\/\/www.oeuvre-orient.fr\/en\/wp-json\/wp\/v2\/tags?post=16120"},{"taxonomy":"thematique","embeddable":true,"href":"https:\/\/www.oeuvre-orient.fr\/en\/wp-json\/wp\/v2\/thematique?post=16120"}],"curies":[{"name":"wp","href":"https:\/\/api.w.org\/{rel}","templated":true}]}}