{"id":16130,"date":"2026-01-23T16:26:02","date_gmt":"2026-01-23T15:26:02","guid":{"rendered":"https:\/\/www.oeuvre-orient.fr\/april-1999-meeting-in-tehran-with-pierre-humblot\/"},"modified":"2026-01-23T16:26:02","modified_gmt":"2026-01-23T15:26:02","slug":"april-1999-meeting-in-tehran-with-pierre-humblot","status":"publish","type":"post","link":"https:\/\/www.oeuvre-orient.fr\/en\/april-1999-meeting-in-tehran-with-pierre-humblot\/","title":{"rendered":"APRIL 1999, MEETING IN TEHRAN WITH PIERRE HUMBLOT"},"content":{"rendered":"\n<p class=\"wp-block-paragraph\"><strong>&quot;In churches, the authorities ban Persian, the language spoken and understood by all Iranians.&quot;<\/strong><\/p>\n\n\n\n<p class=\"wp-block-paragraph\">In light of the popular uprising and the government\u2019s crackdown on the Iranian people since late December 2025, I miss Pierre Humblot. This is a crucial account from the man who was, without a doubt, the only foreign missionary to obtain Iranian citizenship after the 1979 Islamic Revolution, for having provided aid to the wounded during the civil conflict.<\/p>\n\n\n\n<p class=\"wp-block-paragraph\">A member of the Prado religious order, he had worked as a dockworker at the port of Beirut, Lebanon, before moving to the Iranian capital in 1969 to serve as an assistant to the Chaldean bishop of Tehran.<\/p>\n\n\n\n<p class=\"wp-block-paragraph\">It was in Tehran\u2014choked with hellish traffic\u2014that I met him in April 1999, when I had come to cover the 20th anniversary ceremony of the Islamic Revolution for my newspaper. An Iranian friend had recommended that I meet him, warning me that \u201che wasn\u2019t exactly easy to deal with.\u201d<\/p>\n\n\n\n<p class=\"wp-block-paragraph\">I had started by introducing myself. My personal resume was abruptly cut short by an invitation to \u201cshut up\u201d \u2026<strong><em> \u201cWhat you\u2019re telling me doesn\u2019t interest me at all<\/em><\/strong>. <strong><em>Do you even know the history of Persia, its Church, and its Christians<\/em><\/strong>? \u201d the priest had snapped at me, and then, without missing a beat, he began to tell me about this Persia that was so dear to his heart, and <strong><em>\u201cwhich, in his opinion, the West knew so little about.\u201d<\/em><\/strong><\/p>\n\n\n\n<p class=\"wp-block-paragraph\">Pierre\u2019s history lecture was interrupted a few minutes later by the arrival of his friend from France, Yann Richard, the director of the Institute of Iranian Studies at the Sorbonne Nouvelle. He, too, was a great connoisseur of the Persian world and spoke Iranian perfectly. The two men were working on translating Christian texts into Persian.<\/p>\n\n\n\n<p class=\"wp-block-paragraph\"><strong>Teaching Christian Texts in Persian in Complete Secrecy<\/strong><\/p>\n\n\n\n<p class=\"wp-block-paragraph\">Pierre then explained to me that in the West, many organizations that support Eastern Christians have a hard time understanding that teaching Christianity in Iran requires a solid knowledge of the language, because one of the major problems in the Islamic Republic is that Persian, the language spoken and understood by all Iranians\u2014especially the younger generation\u2014remains banned in churches by the regime. Only Syriac and Armenian are permitted there, languages that Iranian youth no longer speak or understand.<\/p>\n\n\n\n<p class=\"wp-block-paragraph\">At the Saint Jean Center in Tehran, which he had directed since 1973, Father Humblot, who taught in Persian\u2014primarily to young Iranians interested in the word of Christ\u2014was, according to the regime\u2019s laws, acting in complete illegality, risking not only imprisonment but also the possibility of being brainwashed in a re-education center. Fearing conversions, the religious police scrupulously enforced compliance with the law. Yet, according to Pierre Humblot, the country had more than 300,000 Muslim converts at the time. Pierre faced the danger head-on.<\/p>\n\n\n\n<p class=\"wp-block-paragraph\"><strong>A large number of converts in Iran<\/strong><\/p>\n\n\n\n<p class=\"wp-block-paragraph\"><strong><em>\u201cIn Iran, there is a significant wave of converts due to the large number of mystics,\u201d<\/em><\/strong> the priest continued<strong><em>. \u201cYoung people who are fed up with a certain type of Islam that is imposed on them are looking elsewhere. We must welcome them, educate them, and continue to accompany them on their spiritual journey in Persian. So we organize secret meetings and translate books. We are asked a great many questions about Jesus Christ<\/em><\/strong>.\u201d<\/p>\n\n\n\n<figure class=\"wp-block-image size-large\"><img loading=\"lazy\" decoding=\"async\" width=\"1024\" height=\"768\" src=\"https:\/\/www.oeuvre-orient.fr\/wp-content\/uploads\/2026\/01\/IMG_20260116_102044_283-1-1024x768.jpg\" alt=\"C\u00e9r\u00e9monie du XXe anniversaire en 1999 de la naissance de la R\u00e9publique islamique\" class=\"wp-image-2068\" srcset=\"https:\/\/www.oeuvre-orient.fr\/wp-content\/uploads\/2026\/01\/IMG_20260116_102044_283-1-1024x768.jpg 1024w, https:\/\/www.oeuvre-orient.fr\/wp-content\/uploads\/2026\/01\/IMG_20260116_102044_283-1-300x225.jpg 300w, https:\/\/www.oeuvre-orient.fr\/wp-content\/uploads\/2026\/01\/IMG_20260116_102044_283-1-768x576.jpg 768w, https:\/\/www.oeuvre-orient.fr\/wp-content\/uploads\/2026\/01\/IMG_20260116_102044_283-1-1536x1152.jpg 1536w, https:\/\/www.oeuvre-orient.fr\/wp-content\/uploads\/2026\/01\/IMG_20260116_102044_283-1-2048x1536.jpg 2048w\" sizes=\"auto, (max-width: 1024px) 100vw, 1024px\" \/><\/figure>\n\n\n\n<p class=\"wp-block-paragraph\"><em>Ceremony in 1999 marking the 20th anniversary of the founding of the Islamic Republic<\/em><\/p>\n\n\n\n<p class=\"wp-block-paragraph\">Pierre would eventually be reported to the religious police. He was expelled from Iran in 2012, but continued his mission among converts living in France. In Paris, he feels nostalgic for Iran: <strong><em>\u201cI lived there for half my life; I eat Iranian food, I speak Iranian, I think like an Iranian,\u201d <\/em><\/strong>he confided to me during one of my visits to Paris\u2019s 18th arrondissement, where he was staying<strong><em>. <\/em><\/strong><\/p>\n\n\n\n<p class=\"wp-block-paragraph\">Father Humblot died in August 2022. I would have loved so much to hear him tell me about Iran and the anger of the protesters marching through the streets of cities today.<\/p>\n\n\n\n<p class=\"wp-block-paragraph\">Luc Balbont<\/p>\n\n\n\n<p class=\"wp-block-paragraph\"><strong>(*) L\u2019\u0152uvre d\u2019Orient had recorded an interview with Fr. Humblot on January 22, 2015, upon his return to France.<\/strong><\/p>\n","protected":false},"excerpt":{"rendered":"<p>&quot;In churches, the authorities ban Persian, the language spoken and understood by all Iranians.&quot; In light of the popular uprising and the government\u2019s crackdown on the Iranian people since late December 2025, I miss Pierre Humblot. This is a crucial account from the man who was, without a doubt, the only foreign missionary to obtain [&hellip;]<\/p>\n","protected":false},"author":0,"featured_media":2070,"comment_status":"open","ping_status":"open","sticky":false,"template":"","format":"standard","meta":{"_acf_changed":false,"ep_exclude_from_search":false,"footnotes":""},"categories":[],"tags":[],"thematique":[],"class_list":["post-16130","post","type-post","status-publish","format-standard","has-post-thumbnail","hentry"],"acf":[],"yoast_head":"<!-- This site is optimized with the Yoast SEO plugin v28.4 - https:\/\/yoast.com\/product\/yoast-seo-wordpress\/ -->\n<title>APRIL 1999, MEETING IN TEHRAN WITH PIERRE HUMBLOT - \u0152uvre d&#039;orient<\/title>\n<meta name=\"robots\" content=\"index, follow, max-snippet:-1, max-image-preview:large, max-video-preview:-1\" \/>\n<link rel=\"canonical\" href=\"https:\/\/www.oeuvre-orient.fr\/en\/april-1999-meeting-in-tehran-with-pierre-humblot\/\" \/>\n<meta property=\"og:locale\" content=\"en_US\" \/>\n<meta property=\"og:type\" content=\"article\" \/>\n<meta property=\"og:title\" content=\"APRIL 1999, MEETING IN TEHRAN WITH PIERRE HUMBLOT - \u0152uvre d&#039;orient\" \/>\n<meta property=\"og:description\" content=\"&quot;In churches, the authorities ban Persian, the language spoken and understood by all Iranians.&quot; In light of the popular uprising and the government\u2019s crackdown on the Iranian people since late December 2025, I miss Pierre Humblot. This is a crucial account from the man who was, without a doubt, the only foreign missionary to obtain [&hellip;]\" \/>\n<meta property=\"og:url\" content=\"https:\/\/www.oeuvre-orient.fr\/en\/april-1999-meeting-in-tehran-with-pierre-humblot\/\" \/>\n<meta property=\"og:site_name\" content=\"\u0152uvre d&#039;orient\" \/>\n<meta property=\"article:published_time\" content=\"2026-01-23T15:26:02+00:00\" \/>\n<meta property=\"og:image\" content=\"https:\/\/www.oeuvre-orient.fr\/wp-content\/uploads\/2026\/01\/IMG_20260116_101830_193-scaled-1.jpg\" \/>\n\t<meta property=\"og:image:width\" content=\"2560\" \/>\n\t<meta property=\"og:image:height\" content=\"1920\" \/>\n\t<meta property=\"og:image:type\" content=\"image\/jpeg\" \/>\n<meta name=\"twitter:card\" content=\"summary_large_image\" \/>\n<meta name=\"twitter:label1\" content=\"Est. reading time\" \/>\n\t<meta name=\"twitter:data1\" content=\"3 minutes\" \/>\n<script type=\"application\/ld+json\" class=\"yoast-schema-graph\">{\"@context\":\"https:\\\/\\\/schema.org\",\"@graph\":[{\"@type\":\"Article\",\"@id\":\"https:\\\/\\\/www.oeuvre-orient.fr\\\/en\\\/april-1999-meeting-in-tehran-with-pierre-humblot\\\/#article\",\"isPartOf\":{\"@id\":\"https:\\\/\\\/www.oeuvre-orient.fr\\\/en\\\/april-1999-meeting-in-tehran-with-pierre-humblot\\\/\"},\"author\":{\"name\":\"\",\"@id\":\"\"},\"headline\":\"APRIL 1999, MEETING IN TEHRAN WITH PIERRE HUMBLOT\",\"datePublished\":\"2026-01-23T15:26:02+00:00\",\"mainEntityOfPage\":{\"@id\":\"https:\\\/\\\/www.oeuvre-orient.fr\\\/en\\\/april-1999-meeting-in-tehran-with-pierre-humblot\\\/\"},\"wordCount\":693,\"commentCount\":0,\"image\":{\"@id\":\"https:\\\/\\\/www.oeuvre-orient.fr\\\/en\\\/april-1999-meeting-in-tehran-with-pierre-humblot\\\/#primaryimage\"},\"thumbnailUrl\":\"https:\\\/\\\/www.oeuvre-orient.fr\\\/wp-content\\\/uploads\\\/2026\\\/01\\\/IMG_20260116_101830_193-scaled-1.jpg\",\"inLanguage\":\"en-US\",\"potentialAction\":[{\"@type\":\"CommentAction\",\"name\":\"Comment\",\"target\":[\"https:\\\/\\\/www.oeuvre-orient.fr\\\/en\\\/april-1999-meeting-in-tehran-with-pierre-humblot\\\/#respond\"]}]},{\"@type\":\"WebPage\",\"@id\":\"https:\\\/\\\/www.oeuvre-orient.fr\\\/en\\\/april-1999-meeting-in-tehran-with-pierre-humblot\\\/\",\"url\":\"https:\\\/\\\/www.oeuvre-orient.fr\\\/en\\\/april-1999-meeting-in-tehran-with-pierre-humblot\\\/\",\"name\":\"APRIL 1999, MEETING IN TEHRAN WITH PIERRE HUMBLOT - \u0152uvre d&#039;orient\",\"isPartOf\":{\"@id\":\"https:\\\/\\\/www.oeuvre-orient.fr\\\/#website\"},\"primaryImageOfPage\":{\"@id\":\"https:\\\/\\\/www.oeuvre-orient.fr\\\/en\\\/april-1999-meeting-in-tehran-with-pierre-humblot\\\/#primaryimage\"},\"image\":{\"@id\":\"https:\\\/\\\/www.oeuvre-orient.fr\\\/en\\\/april-1999-meeting-in-tehran-with-pierre-humblot\\\/#primaryimage\"},\"thumbnailUrl\":\"https:\\\/\\\/www.oeuvre-orient.fr\\\/wp-content\\\/uploads\\\/2026\\\/01\\\/IMG_20260116_101830_193-scaled-1.jpg\",\"datePublished\":\"2026-01-23T15:26:02+00:00\",\"author\":{\"@id\":\"\"},\"breadcrumb\":{\"@id\":\"https:\\\/\\\/www.oeuvre-orient.fr\\\/en\\\/april-1999-meeting-in-tehran-with-pierre-humblot\\\/#breadcrumb\"},\"inLanguage\":\"en-US\",\"potentialAction\":[{\"@type\":\"ReadAction\",\"target\":[\"https:\\\/\\\/www.oeuvre-orient.fr\\\/en\\\/april-1999-meeting-in-tehran-with-pierre-humblot\\\/\"]}]},{\"@type\":\"ImageObject\",\"inLanguage\":\"en-US\",\"@id\":\"https:\\\/\\\/www.oeuvre-orient.fr\\\/en\\\/april-1999-meeting-in-tehran-with-pierre-humblot\\\/#primaryimage\",\"url\":\"https:\\\/\\\/www.oeuvre-orient.fr\\\/wp-content\\\/uploads\\\/2026\\\/01\\\/IMG_20260116_101830_193-scaled-1.jpg\",\"contentUrl\":\"https:\\\/\\\/www.oeuvre-orient.fr\\\/wp-content\\\/uploads\\\/2026\\\/01\\\/IMG_20260116_101830_193-scaled-1.jpg\",\"width\":2560,\"height\":1920},{\"@type\":\"BreadcrumbList\",\"@id\":\"https:\\\/\\\/www.oeuvre-orient.fr\\\/en\\\/april-1999-meeting-in-tehran-with-pierre-humblot\\\/#breadcrumb\",\"itemListElement\":[{\"@type\":\"ListItem\",\"position\":1,\"name\":\"Home\",\"item\":\"https:\\\/\\\/www.oeuvre-orient.fr\\\/en\\\/\"},{\"@type\":\"ListItem\",\"position\":2,\"name\":\"APRIL 1999, MEETING IN TEHRAN WITH PIERRE HUMBLOT\"}]},{\"@type\":\"WebSite\",\"@id\":\"https:\\\/\\\/www.oeuvre-orient.fr\\\/#website\",\"url\":\"https:\\\/\\\/www.oeuvre-orient.fr\\\/\",\"name\":\"\u0152uvre d&#039;orient\",\"description\":\"\",\"potentialAction\":[{\"@type\":\"SearchAction\",\"target\":{\"@type\":\"EntryPoint\",\"urlTemplate\":\"https:\\\/\\\/www.oeuvre-orient.fr\\\/?s={search_term_string}\"},\"query-input\":{\"@type\":\"PropertyValueSpecification\",\"valueRequired\":true,\"valueName\":\"search_term_string\"}}],\"inLanguage\":\"en-US\"}]}<\/script>\n<!-- \/ Yoast SEO plugin. -->","yoast_head_json":{"title":"APRIL 1999, MEETING IN TEHRAN WITH PIERRE HUMBLOT - \u0152uvre d&#039;orient","robots":{"index":"index","follow":"follow","max-snippet":"max-snippet:-1","max-image-preview":"max-image-preview:large","max-video-preview":"max-video-preview:-1"},"canonical":"https:\/\/www.oeuvre-orient.fr\/en\/april-1999-meeting-in-tehran-with-pierre-humblot\/","og_locale":"en_US","og_type":"article","og_title":"APRIL 1999, MEETING IN TEHRAN WITH PIERRE HUMBLOT - \u0152uvre d&#039;orient","og_description":"&quot;In churches, the authorities ban Persian, the language spoken and understood by all Iranians.&quot; In light of the popular uprising and the government\u2019s crackdown on the Iranian people since late December 2025, I miss Pierre Humblot. This is a crucial account from the man who was, without a doubt, the only foreign missionary to obtain [&hellip;]","og_url":"https:\/\/www.oeuvre-orient.fr\/en\/april-1999-meeting-in-tehran-with-pierre-humblot\/","og_site_name":"\u0152uvre d&#039;orient","article_published_time":"2026-01-23T15:26:02+00:00","og_image":[{"width":2560,"height":1920,"url":"https:\/\/www.oeuvre-orient.fr\/wp-content\/uploads\/2026\/01\/IMG_20260116_101830_193-scaled-1.jpg","type":"image\/jpeg"}],"twitter_card":"summary_large_image","twitter_misc":{"Est. reading time":"3 minutes"},"schema":{"@context":"https:\/\/schema.org","@graph":[{"@type":"Article","@id":"https:\/\/www.oeuvre-orient.fr\/en\/april-1999-meeting-in-tehran-with-pierre-humblot\/#article","isPartOf":{"@id":"https:\/\/www.oeuvre-orient.fr\/en\/april-1999-meeting-in-tehran-with-pierre-humblot\/"},"author":{"name":"","@id":""},"headline":"APRIL 1999, MEETING IN TEHRAN WITH PIERRE HUMBLOT","datePublished":"2026-01-23T15:26:02+00:00","mainEntityOfPage":{"@id":"https:\/\/www.oeuvre-orient.fr\/en\/april-1999-meeting-in-tehran-with-pierre-humblot\/"},"wordCount":693,"commentCount":0,"image":{"@id":"https:\/\/www.oeuvre-orient.fr\/en\/april-1999-meeting-in-tehran-with-pierre-humblot\/#primaryimage"},"thumbnailUrl":"https:\/\/www.oeuvre-orient.fr\/wp-content\/uploads\/2026\/01\/IMG_20260116_101830_193-scaled-1.jpg","inLanguage":"en-US","potentialAction":[{"@type":"CommentAction","name":"Comment","target":["https:\/\/www.oeuvre-orient.fr\/en\/april-1999-meeting-in-tehran-with-pierre-humblot\/#respond"]}]},{"@type":"WebPage","@id":"https:\/\/www.oeuvre-orient.fr\/en\/april-1999-meeting-in-tehran-with-pierre-humblot\/","url":"https:\/\/www.oeuvre-orient.fr\/en\/april-1999-meeting-in-tehran-with-pierre-humblot\/","name":"APRIL 1999, MEETING IN TEHRAN WITH PIERRE HUMBLOT - \u0152uvre d&#039;orient","isPartOf":{"@id":"https:\/\/www.oeuvre-orient.fr\/#website"},"primaryImageOfPage":{"@id":"https:\/\/www.oeuvre-orient.fr\/en\/april-1999-meeting-in-tehran-with-pierre-humblot\/#primaryimage"},"image":{"@id":"https:\/\/www.oeuvre-orient.fr\/en\/april-1999-meeting-in-tehran-with-pierre-humblot\/#primaryimage"},"thumbnailUrl":"https:\/\/www.oeuvre-orient.fr\/wp-content\/uploads\/2026\/01\/IMG_20260116_101830_193-scaled-1.jpg","datePublished":"2026-01-23T15:26:02+00:00","author":{"@id":""},"breadcrumb":{"@id":"https:\/\/www.oeuvre-orient.fr\/en\/april-1999-meeting-in-tehran-with-pierre-humblot\/#breadcrumb"},"inLanguage":"en-US","potentialAction":[{"@type":"ReadAction","target":["https:\/\/www.oeuvre-orient.fr\/en\/april-1999-meeting-in-tehran-with-pierre-humblot\/"]}]},{"@type":"ImageObject","inLanguage":"en-US","@id":"https:\/\/www.oeuvre-orient.fr\/en\/april-1999-meeting-in-tehran-with-pierre-humblot\/#primaryimage","url":"https:\/\/www.oeuvre-orient.fr\/wp-content\/uploads\/2026\/01\/IMG_20260116_101830_193-scaled-1.jpg","contentUrl":"https:\/\/www.oeuvre-orient.fr\/wp-content\/uploads\/2026\/01\/IMG_20260116_101830_193-scaled-1.jpg","width":2560,"height":1920},{"@type":"BreadcrumbList","@id":"https:\/\/www.oeuvre-orient.fr\/en\/april-1999-meeting-in-tehran-with-pierre-humblot\/#breadcrumb","itemListElement":[{"@type":"ListItem","position":1,"name":"Home","item":"https:\/\/www.oeuvre-orient.fr\/en\/"},{"@type":"ListItem","position":2,"name":"APRIL 1999, MEETING IN TEHRAN WITH PIERRE HUMBLOT"}]},{"@type":"WebSite","@id":"https:\/\/www.oeuvre-orient.fr\/#website","url":"https:\/\/www.oeuvre-orient.fr\/","name":"\u0152uvre d&#039;orient","description":"","potentialAction":[{"@type":"SearchAction","target":{"@type":"EntryPoint","urlTemplate":"https:\/\/www.oeuvre-orient.fr\/?s={search_term_string}"},"query-input":{"@type":"PropertyValueSpecification","valueRequired":true,"valueName":"search_term_string"}}],"inLanguage":"en-US"}]}},"_links":{"self":[{"href":"https:\/\/www.oeuvre-orient.fr\/en\/wp-json\/wp\/v2\/posts\/16130","targetHints":{"allow":["GET"]}}],"collection":[{"href":"https:\/\/www.oeuvre-orient.fr\/en\/wp-json\/wp\/v2\/posts"}],"about":[{"href":"https:\/\/www.oeuvre-orient.fr\/en\/wp-json\/wp\/v2\/types\/post"}],"replies":[{"embeddable":true,"href":"https:\/\/www.oeuvre-orient.fr\/en\/wp-json\/wp\/v2\/comments?post=16130"}],"version-history":[{"count":0,"href":"https:\/\/www.oeuvre-orient.fr\/en\/wp-json\/wp\/v2\/posts\/16130\/revisions"}],"wp:featuredmedia":[{"embeddable":true,"href":"https:\/\/www.oeuvre-orient.fr\/en\/wp-json\/wp\/v2\/media\/2070"}],"wp:attachment":[{"href":"https:\/\/www.oeuvre-orient.fr\/en\/wp-json\/wp\/v2\/media?parent=16130"}],"wp:term":[{"taxonomy":"category","embeddable":true,"href":"https:\/\/www.oeuvre-orient.fr\/en\/wp-json\/wp\/v2\/categories?post=16130"},{"taxonomy":"post_tag","embeddable":true,"href":"https:\/\/www.oeuvre-orient.fr\/en\/wp-json\/wp\/v2\/tags?post=16130"},{"taxonomy":"thematique","embeddable":true,"href":"https:\/\/www.oeuvre-orient.fr\/en\/wp-json\/wp\/v2\/thematique?post=16130"}],"curies":[{"name":"wp","href":"https:\/\/api.w.org\/{rel}","templated":true}]}}